{"id":334,"date":"2023-02-01T07:33:39","date_gmt":"2023-02-01T07:33:39","guid":{"rendered":"https:\/\/vihannestieto.fi\/?p=334"},"modified":"2023-02-02T07:46:42","modified_gmt":"2023-02-02T07:46:42","slug":"2-uutiskirje","status":"publish","type":"post","link":"https:\/\/vihannestieto.fi\/?p=334","title":{"rendered":"2. uutiskirje"},"content":{"rendered":"\n<p><em>L\u00e4hetetty uutiskirjeen tilaajille ke 28.12.2022<\/em><\/p>\n\n\n\n<p>Tervehdys kaikille!&nbsp;&nbsp;<\/p>\n\n\n\n<p>Vuosi 2022 alkaa olla lopuillaan ja toivotammekin kaikille oikein Hyv\u00e4\u00e4 Uutta Vuotta 2023!<\/p>\n\n\n\n<p>Hankkeen Uusi vuosi 2023 k\u00e4ynnistyy teille vihannesviljelyst\u00e4 kiinnostuneille suunnattujen virtuaali-iltap\u00e4iv\u00e4kahvien merkeiss\u00e4 12.1.2023. \ud83d\ude0a<\/p>\n\n\n\n<p>Toivottavasti mahdollisimman moni p\u00e4\u00e4sisi osallistumaan. T\u00e4ss\u00e4 uutiskirjeess\u00e4 lis\u00e4tietoa siit\u00e4, sek\u00e4 tammi-maaliskuun infojen ajankohdat ja aiheet.<\/p>\n\n\n\n<p><em>Vihanneksista voimaa viljelyyn -hanke tiedottaa uutiskirjeess\u00e4\u00e4n hankkeen toiminnasta ja muista ajankohtaisista vihannesviljelyyn liittyvist\u00e4 asioista sek\u00e4 tapahtumista tai yhteisty\u00f6kumppaneidemme tilaisuuksista. Uutiskirje l\u00e4hetet\u00e4\u00e4n noin kerran kuussa.&nbsp;&nbsp;<\/em><\/p>\n\n\n\n<p>*****<\/p>\n\n\n\n<p><strong><u>VVV -hankkeen virtuaaliset iltap\u00e4iv\u00e4kahvit vihannesviljelyst\u00e4 kiinnostuneille<\/u><\/strong><\/p>\n\n\n\n<p><strong>torstaina 12.1.2023 klo 13-15<\/strong><\/p>\n\n\n\n<p><strong>Et\u00e4tilaisuus Teamsin kautta<\/strong><\/p>\n\n\n\n<p>Tilaisuudessa tutustutaan ja verkostoidutaan kaikkien vihannesviljelyst\u00e4 kiinnostuneiden kesken. Vapaamuotoista keskustelua ja toiveita hankkeen toimintaan<\/p>\n\n\n\n<p>Tavoitteena olisi tehd\u00e4 n\u00e4ist\u00e4 yhteisist\u00e4 vapaamuotoisista osallistujien tapaamisista s\u00e4\u00e4nn\u00f6llisi\u00e4, jolloin loisimme verkostoja teid\u00e4n keskuuteen.<\/p>\n\n\n\n<div style=\"height:30px\" aria-hidden=\"true\" class=\"wp-block-spacer\"><\/div>\n\n\n\n<p><strong><u>Infotilaisuudet tammi-maaliskuu 2023<\/u><\/strong>&nbsp;<\/p>\n\n\n\n<p>Nappaa p\u00e4iv\u00e4m\u00e4\u00e4r\u00e4t ja ajankohdat jo talteen!<\/p>\n\n\n\n<p>Infoissa v\u00e4litet\u00e4\u00e4n vihannesten viljelyyn liittyv\u00e4\u00e4 tietoa ja asiantuntijuutta viljelij\u00f6iden ja muiden vihannesketjun toimijoiden osaamistarpeeseen.<\/p>\n\n\n\n<p>Tarkemmat ilmoittautumisohjeet ja sis\u00e4lt\u00f6kuvaukset l\u00e4het\u00e4\u00e4n l\u00e4hemp\u00e4n\u00e4 ajankohtia\/ seuraavassa uutiskirjeess\u00e4.<\/p>\n\n\n\n<ol class=\"wp-block-list\">\n<li><strong>25.1.2023 klo 17\u201319 Vihannesviljelyn ominaispiirteet ja eri tuotantomuodot<\/strong>&nbsp;<\/li>\n<\/ol>\n\n\n\n<p><strong>Hybridi: Kokoustila K\u00e4py\/Teams<\/strong>&nbsp;<\/p>\n\n\n\n<p>Asiantuntijat: Terhi Suojala-Ahlfors ja Pirjo Kivij\u00e4rvi, LUKE&nbsp;<\/p>\n\n\n\n<ol class=\"wp-block-list\" type=\"1\" start=\"2\">\n<li><strong>8.2.2023 klo 14\u201316 Vihannestuotannon talous ja riskinhallinta<\/strong>:&nbsp;<strong><\/strong><\/li>\n<\/ol>\n\n\n\n<p>Asiantuntija: Anu Koivisto, LUKE&nbsp;<\/p>\n\n\n\n<ol class=\"wp-block-list\" type=\"1\" start=\"3\">\n<li><strong>1.3.2023 klo 17\u201319 Maan kasvukunto ja viljelykierto<\/strong>&nbsp;<\/li>\n<\/ol>\n\n\n\n<p>Asiantuntija: Marja Pulkkinen, ProAgria<\/p>\n\n\n\n<ol class=\"wp-block-list\" type=\"1\" start=\"4\">\n<li><strong>29.3.2023 klo 16\u201318 Tuet, s\u00e4\u00e4d\u00f6kset ja investoinnit sek\u00e4 rahoitusmallit vuonna 2023<\/strong>&nbsp;&nbsp;<\/li>\n<\/ol>\n\n\n\n<p>Asiantuntija: ProAgria<\/p>\n","protected":false},"excerpt":{"rendered":"<p>L\u00e4hetetty uutiskirjeen tilaajille ke 28.12.2022 Tervehdys kaikille!&nbsp;&nbsp; Vuosi 2022 alkaa olla lopuillaan ja toivotammekin kaikille oikein Hyv\u00e4\u00e4 Uutta Vuotta 2023! Hankkeen Uusi vuosi 2023 k\u00e4ynnistyy teille vihannesviljelyst\u00e4 kiinnostuneille suunnattujen virtuaali-iltap\u00e4iv\u00e4kahvien [&hellip;]<\/p>\n","protected":false},"author":1,"featured_media":0,"comment_status":"open","ping_status":"open","sticky":false,"template":"","format":"standard","meta":{"_EventAllDay":false,"_EventTimezone":"","_EventStartDate":"","_EventEndDate":"","_EventStartDateUTC":"","_EventEndDateUTC":"","_EventShowMap":false,"_EventShowMapLink":false,"_EventURL":"","_EventCost":"","_EventCostDescription":"","_EventCurrencySymbol":"","_EventCurrencyCode":"","_EventCurrencyPosition":"","_EventDateTimeSeparator":"","_EventTimeRangeSeparator":"","_EventOrganizerID":[],"_EventVenueID":[],"_OrganizerEmail":"","_OrganizerPhone":"","_OrganizerWebsite":"","_VenueAddress":"","_VenueCity":"","_VenueCountry":"","_VenueProvince":"","_VenueState":"","_VenueZip":"","_VenuePhone":"","_VenueURL":"","_VenueStateProvince":"","_VenueLat":"","_VenueLng":"","_VenueShowMap":false,"_VenueShowMapLink":false,"footnotes":""},"categories":[6],"tags":[7],"class_list":["post-334","post","type-post","status-publish","format-standard","hentry","category-uutiskirje","tag-uutiskirje"],"_links":{"self":[{"href":"https:\/\/vihannestieto.fi\/index.php?rest_route=\/wp\/v2\/posts\/334","targetHints":{"allow":["GET"]}}],"collection":[{"href":"https:\/\/vihannestieto.fi\/index.php?rest_route=\/wp\/v2\/posts"}],"about":[{"href":"https:\/\/vihannestieto.fi\/index.php?rest_route=\/wp\/v2\/types\/post"}],"author":[{"embeddable":true,"href":"https:\/\/vihannestieto.fi\/index.php?rest_route=\/wp\/v2\/users\/1"}],"replies":[{"embeddable":true,"href":"https:\/\/vihannestieto.fi\/index.php?rest_route=%2Fwp%2Fv2%2Fcomments&post=334"}],"version-history":[{"count":5,"href":"https:\/\/vihannestieto.fi\/index.php?rest_route=\/wp\/v2\/posts\/334\/revisions"}],"predecessor-version":[{"id":412,"href":"https:\/\/vihannestieto.fi\/index.php?rest_route=\/wp\/v2\/posts\/334\/revisions\/412"}],"wp:attachment":[{"href":"https:\/\/vihannestieto.fi\/index.php?rest_route=%2Fwp%2Fv2%2Fmedia&parent=334"}],"wp:term":[{"taxonomy":"category","embeddable":true,"href":"https:\/\/vihannestieto.fi\/index.php?rest_route=%2Fwp%2Fv2%2Fcategories&post=334"},{"taxonomy":"post_tag","embeddable":true,"href":"https:\/\/vihannestieto.fi\/index.php?rest_route=%2Fwp%2Fv2%2Ftags&post=334"}],"curies":[{"name":"wp","href":"https:\/\/api.w.org\/{rel}","templated":true}]}}